{"id":4109,"date":"2025-01-15T00:31:55","date_gmt":"2025-01-15T00:31:55","guid":{"rendered":"https:\/\/designerpremium.com.br\/plataforma\/?p=4109"},"modified":"2025-01-15T00:34:42","modified_gmt":"2025-01-15T00:34:42","slug":"4109","status":"publish","type":"post","link":"https:\/\/designerpremium.com.br\/plataforma\/2025\/01\/15\/4109\/","title":{"rendered":""},"content":{"rendered":"\n<figure class=\"wp-block-gallery aligncenter has-nested-images columns-default is-cropped wp-block-gallery-1 is-layout-flex wp-block-gallery-is-layout-flex\">\n<figure class=\"wp-block-image size-full\"><img fetchpriority=\"high\" decoding=\"async\" width=\"494\" height=\"617\" data-id=\"4114\" src=\"https:\/\/designerpremium.com.br\/plataforma\/wp-content\/uploads\/2025\/01\/WhatsApp-Image-2023-06-20-at-15_X9QSIm.jpeg\" alt=\"\" class=\"wp-image-4114\" srcset=\"https:\/\/designerpremium.com.br\/plataforma\/wp-content\/uploads\/2025\/01\/WhatsApp-Image-2023-06-20-at-15_X9QSIm.jpeg 494w, https:\/\/designerpremium.com.br\/plataforma\/wp-content\/uploads\/2025\/01\/WhatsApp-Image-2023-06-20-at-15_X9QSIm-300x375.jpeg 300w, https:\/\/designerpremium.com.br\/plataforma\/wp-content\/uploads\/2025\/01\/WhatsApp-Image-2023-06-20-at-15_X9QSIm-240x300.jpeg 240w, https:\/\/designerpremium.com.br\/plataforma\/wp-content\/uploads\/2025\/01\/WhatsApp-Image-2023-06-20-at-15_X9QSIm-10x12.jpeg 10w\" sizes=\"(max-width: 494px) 100vw, 494px\" \/><\/figure>\n<\/figure>\n\n\n\n<p class=\"has-text-align-left\">Este \u00e9 um recurso exclusivo da Plataforma Designer Premium, oferecido em formato PSD. Este arquivo, nativo do Adobe Photoshop, \u00e9 ideal para edi\u00e7\u00e3o avan\u00e7ada de imagens. Ele permite personalizar textos, alterar cores e ajustar elementos gr\u00e1ficos conforme a necessidade do seu projeto. O arquico est\u00e1 dispon\u00edvel sob a licen\u00e7a Premium. Esta licen\u00e7a permite o uso do recurso tanto em projetos pessoais quanto comerciais.<\/p>\n\n\n\n<div class=\"wp-block-buttons is-content-justification-center is-layout-flex wp-container-core-buttons-is-layout-a89b3969 wp-block-buttons-is-layout-flex\">\n<div class=\"is-style-fill wp-block-button nfd-wb-animate nfd-wb-reveal-right\"><a class=\"wp-block-button__link wp-element-button\" href=\"https:\/\/designerpremium.club.hotmart.com\/lesson\/z7r65AEK7j?role=OWNER&amp;classHash=8EOgg3EqO6\" target=\"_blank\" rel=\"noreferrer noopener\">Baixar Op\u00e7\u00e3o 1<\/a><\/div>\n\n\n\n<div class=\"is-style-fill wp-block-button nfd-wb-animate nfd-wb-reveal-right\"><a class=\"wp-block-button__link wp-element-button\" href=\"https:\/\/dashboard.kiwify.com.br\/course\/premium\/4b0fcc9c-00ff-4c69-b545-b7668b85186f?mod=964d0b0d-357e-476b-829b-68c0fc54f670&amp;lesson=db9a6276-d013-4c84-90df-214a4191f398\" target=\"_blank\" rel=\"noreferrer noopener\">Baixar Op\u00e7\u00e3o 2<\/a><\/div>\n<\/div>\n\n\n\n<figure class=\"nfd-wb-animate nfd-wb-reveal-right wp-block-image size-large\"><a href=\"https:\/\/bit.ly\/PNGMAGICPROBLOG\"><img decoding=\"async\" src=\"https:\/\/pngelementsbr.com\/wp-content\/uploads\/2024\/09\/pack-de-elementos-png-personagem-3d-designi-psd-flyer-br-1024x400.webp\" alt=\"pack de elementos png - personagem 3d - designi - psd flyer br\" class=\"wp-image-3855\"\/><\/a><\/figure>\n\n\n\n<p class=\"\"><\/p>\n","protected":false},"excerpt":{"rendered":"<p>Este \u00e9 um recurso exclusivo da Plataforma Designer Premium, oferecido em formato PSD. Este arquivo, nativo do Adobe Photoshop, \u00e9 ideal para edi\u00e7\u00e3o avan\u00e7ada de imagens. Ele permite personalizar textos, alterar cores e ajustar elementos gr\u00e1ficos conforme a necessidade do seu projeto. O arquico est\u00e1 dispon\u00edvel sob a licen\u00e7a Premium. Esta licen\u00e7a permite o uso [&hellip;]<\/p>\n","protected":false},"author":1,"featured_media":4114,"comment_status":"open","ping_status":"open","sticky":false,"template":"","format":"standard","meta":{"nf_dc_page":"","footnotes":""},"categories":[24],"tags":[39,40,38],"class_list":["post-4109","post","type-post","status-publish","format-standard","has-post-thumbnail","hentry","category-psd-evento","tag-dourado","tag-evento","tag-gold-party"],"blocksy_meta":[],"yoast_head":"<!-- This site is optimized with the Yoast SEO plugin v27.5 - https:\/\/yoast.com\/product\/yoast-seo-wordpress\/ -->\n<title>- Plataforma Designer Premium<\/title>\n<meta name=\"robots\" content=\"index, follow, max-snippet:-1, max-image-preview:large, max-video-preview:-1\" \/>\n<link rel=\"canonical\" href=\"https:\/\/designerpremium.com.br\/plataforma\/2025\/01\/15\/4109\/\" \/>\n<meta property=\"og:locale\" content=\"pt_PT\" \/>\n<meta property=\"og:type\" content=\"article\" \/>\n<meta property=\"og:title\" content=\"- Plataforma Designer Premium\" \/>\n<meta property=\"og:description\" content=\"Este \u00e9 um recurso exclusivo da Plataforma Designer Premium, oferecido em formato PSD. Este arquivo, nativo do Adobe Photoshop, \u00e9 ideal para edi\u00e7\u00e3o avan\u00e7ada de imagens. Ele permite personalizar textos, alterar cores e ajustar elementos gr\u00e1ficos conforme a necessidade do seu projeto. O arquico est\u00e1 dispon\u00edvel sob a licen\u00e7a Premium. Esta licen\u00e7a permite o uso [&hellip;]\" \/>\n<meta property=\"og:url\" content=\"https:\/\/designerpremium.com.br\/plataforma\/2025\/01\/15\/4109\/\" \/>\n<meta property=\"og:site_name\" content=\"Plataforma Designer Premium\" \/>\n<meta property=\"article:published_time\" content=\"2025-01-15T00:31:55+00:00\" \/>\n<meta property=\"article:modified_time\" content=\"2025-01-15T00:34:42+00:00\" \/>\n<meta property=\"og:image\" content=\"https:\/\/designerpremium.com.br\/plataforma\/wp-content\/uploads\/2025\/01\/WhatsApp-Image-2023-06-20-at-15_X9QSIm.jpeg\" \/>\n\t<meta property=\"og:image:width\" content=\"494\" \/>\n\t<meta property=\"og:image:height\" content=\"617\" \/>\n\t<meta property=\"og:image:type\" content=\"image\/jpeg\" \/>\n<meta name=\"author\" content=\"Felipe Melchiades\" \/>\n<meta name=\"twitter:card\" content=\"summary_large_image\" \/>\n<meta name=\"twitter:label1\" content=\"Escrito por\" \/>\n\t<meta name=\"twitter:data1\" content=\"Felipe Melchiades\" \/>\n<script type=\"application\/ld+json\" class=\"yoast-schema-graph\">{\"@context\":\"https:\\\/\\\/schema.org\",\"@graph\":[{\"@type\":\"Article\",\"@id\":\"https:\\\/\\\/designerpremium.com.br\\\/plataforma\\\/2025\\\/01\\\/15\\\/4109\\\/#article\",\"isPartOf\":{\"@id\":\"https:\\\/\\\/designerpremium.com.br\\\/plataforma\\\/2025\\\/01\\\/15\\\/4109\\\/\"},\"author\":{\"name\":\"Felipe Melchiades\",\"@id\":\"https:\\\/\\\/designerpremium.com.br\\\/plataforma\\\/#\\\/schema\\\/person\\\/5f25b0007f991237b01f0f092b1bc0ec\"},\"headline\":\"Sem t\u00edtulo\",\"datePublished\":\"2025-01-15T00:31:55+00:00\",\"dateModified\":\"2025-01-15T00:34:42+00:00\",\"mainEntityOfPage\":{\"@id\":\"https:\\\/\\\/designerpremium.com.br\\\/plataforma\\\/2025\\\/01\\\/15\\\/4109\\\/\"},\"wordCount\":73,\"commentCount\":0,\"publisher\":{\"@id\":\"https:\\\/\\\/designerpremium.com.br\\\/plataforma\\\/#organization\"},\"image\":{\"@id\":\"https:\\\/\\\/designerpremium.com.br\\\/plataforma\\\/2025\\\/01\\\/15\\\/4109\\\/#primaryimage\"},\"thumbnailUrl\":\"https:\\\/\\\/designerpremium.com.br\\\/plataforma\\\/wp-content\\\/uploads\\\/2025\\\/01\\\/WhatsApp-Image-2023-06-20-at-15_X9QSIm.jpeg\",\"keywords\":[\"DOURADO\",\"EVENTO\",\"GOLD PARTY\"],\"articleSection\":[\"PSD EVENTO\"],\"inLanguage\":\"pt-PT\",\"potentialAction\":[{\"@type\":\"CommentAction\",\"name\":\"Comment\",\"target\":[\"https:\\\/\\\/designerpremium.com.br\\\/plataforma\\\/2025\\\/01\\\/15\\\/4109\\\/#respond\"]}]},{\"@type\":\"WebPage\",\"@id\":\"https:\\\/\\\/designerpremium.com.br\\\/plataforma\\\/2025\\\/01\\\/15\\\/4109\\\/\",\"url\":\"https:\\\/\\\/designerpremium.com.br\\\/plataforma\\\/2025\\\/01\\\/15\\\/4109\\\/\",\"name\":\"- Plataforma Designer Premium\",\"isPartOf\":{\"@id\":\"https:\\\/\\\/designerpremium.com.br\\\/plataforma\\\/#website\"},\"primaryImageOfPage\":{\"@id\":\"https:\\\/\\\/designerpremium.com.br\\\/plataforma\\\/2025\\\/01\\\/15\\\/4109\\\/#primaryimage\"},\"image\":{\"@id\":\"https:\\\/\\\/designerpremium.com.br\\\/plataforma\\\/2025\\\/01\\\/15\\\/4109\\\/#primaryimage\"},\"thumbnailUrl\":\"https:\\\/\\\/designerpremium.com.br\\\/plataforma\\\/wp-content\\\/uploads\\\/2025\\\/01\\\/WhatsApp-Image-2023-06-20-at-15_X9QSIm.jpeg\",\"datePublished\":\"2025-01-15T00:31:55+00:00\",\"dateModified\":\"2025-01-15T00:34:42+00:00\",\"breadcrumb\":{\"@id\":\"https:\\\/\\\/designerpremium.com.br\\\/plataforma\\\/2025\\\/01\\\/15\\\/4109\\\/#breadcrumb\"},\"inLanguage\":\"pt-PT\",\"potentialAction\":[{\"@type\":\"ReadAction\",\"target\":[\"https:\\\/\\\/designerpremium.com.br\\\/plataforma\\\/2025\\\/01\\\/15\\\/4109\\\/\"]}]},{\"@type\":\"ImageObject\",\"inLanguage\":\"pt-PT\",\"@id\":\"https:\\\/\\\/designerpremium.com.br\\\/plataforma\\\/2025\\\/01\\\/15\\\/4109\\\/#primaryimage\",\"url\":\"https:\\\/\\\/designerpremium.com.br\\\/plataforma\\\/wp-content\\\/uploads\\\/2025\\\/01\\\/WhatsApp-Image-2023-06-20-at-15_X9QSIm.jpeg\",\"contentUrl\":\"https:\\\/\\\/designerpremium.com.br\\\/plataforma\\\/wp-content\\\/uploads\\\/2025\\\/01\\\/WhatsApp-Image-2023-06-20-at-15_X9QSIm.jpeg\",\"width\":494,\"height\":617},{\"@type\":\"BreadcrumbList\",\"@id\":\"https:\\\/\\\/designerpremium.com.br\\\/plataforma\\\/2025\\\/01\\\/15\\\/4109\\\/#breadcrumb\",\"itemListElement\":[{\"@type\":\"ListItem\",\"position\":1,\"name\":\"In\u00edcio\",\"item\":\"https:\\\/\\\/designerpremium.com.br\\\/plataforma\\\/\"},{\"@type\":\"ListItem\",\"position\":2,\"name\":\"PSD EVENTO\",\"item\":\"https:\\\/\\\/designerpremium.com.br\\\/plataforma\\\/category\\\/psd-evento\\\/\"}]},{\"@type\":\"WebSite\",\"@id\":\"https:\\\/\\\/designerpremium.com.br\\\/plataforma\\\/#website\",\"url\":\"https:\\\/\\\/designerpremium.com.br\\\/plataforma\\\/\",\"name\":\"Plataforma Designer Premium\",\"description\":\"Melhor que um Pack. Uma plataforma Completa!\",\"publisher\":{\"@id\":\"https:\\\/\\\/designerpremium.com.br\\\/plataforma\\\/#organization\"},\"alternateName\":\"Plataforma Designer premium\",\"potentialAction\":[{\"@type\":\"SearchAction\",\"target\":{\"@type\":\"EntryPoint\",\"urlTemplate\":\"https:\\\/\\\/designerpremium.com.br\\\/plataforma\\\/?s={search_term_string}\"},\"query-input\":{\"@type\":\"PropertyValueSpecification\",\"valueRequired\":true,\"valueName\":\"search_term_string\"}}],\"inLanguage\":\"pt-PT\"},{\"@type\":\"Organization\",\"@id\":\"https:\\\/\\\/designerpremium.com.br\\\/plataforma\\\/#organization\",\"name\":\"Plataforma Designer Premium\",\"url\":\"https:\\\/\\\/designerpremium.com.br\\\/plataforma\\\/\",\"logo\":{\"@type\":\"ImageObject\",\"inLanguage\":\"pt-PT\",\"@id\":\"https:\\\/\\\/designerpremium.com.br\\\/plataforma\\\/#\\\/schema\\\/logo\\\/image\\\/\",\"url\":\"https:\\\/\\\/designerpremium.com.br\\\/plataforma\\\/wp-content\\\/uploads\\\/2025\\\/07\\\/Camada-2.jpg\",\"contentUrl\":\"https:\\\/\\\/designerpremium.com.br\\\/plataforma\\\/wp-content\\\/uploads\\\/2025\\\/07\\\/Camada-2.jpg\",\"width\":1200,\"height\":675,\"caption\":\"Plataforma Designer Premium\"},\"image\":{\"@id\":\"https:\\\/\\\/designerpremium.com.br\\\/plataforma\\\/#\\\/schema\\\/logo\\\/image\\\/\"}},{\"@type\":\"Person\",\"@id\":\"https:\\\/\\\/designerpremium.com.br\\\/plataforma\\\/#\\\/schema\\\/person\\\/5f25b0007f991237b01f0f092b1bc0ec\",\"name\":\"Felipe Melchiades\",\"image\":{\"@type\":\"ImageObject\",\"inLanguage\":\"pt-PT\",\"@id\":\"https:\\\/\\\/secure.gravatar.com\\\/avatar\\\/d4a26df4d17161d1b56aacceb589f5c91a48f6d7d4d05eb5685326f93a8c15dd?s=96&d=mm&r=g\",\"url\":\"https:\\\/\\\/secure.gravatar.com\\\/avatar\\\/d4a26df4d17161d1b56aacceb589f5c91a48f6d7d4d05eb5685326f93a8c15dd?s=96&d=mm&r=g\",\"contentUrl\":\"https:\\\/\\\/secure.gravatar.com\\\/avatar\\\/d4a26df4d17161d1b56aacceb589f5c91a48f6d7d4d05eb5685326f93a8c15dd?s=96&d=mm&r=g\",\"caption\":\"Felipe Melchiades\"},\"sameAs\":[\"https:\\\/\\\/designerpremium.com.br\\\/plataforma\"],\"url\":\"https:\\\/\\\/designerpremium.com.br\\\/plataforma\\\/author\\\/felipe-melchiades\\\/\"}]}<\/script>\n<!-- \/ Yoast SEO plugin. -->","yoast_head_json":{"title":"- Plataforma Designer Premium","robots":{"index":"index","follow":"follow","max-snippet":"max-snippet:-1","max-image-preview":"max-image-preview:large","max-video-preview":"max-video-preview:-1"},"canonical":"https:\/\/designerpremium.com.br\/plataforma\/2025\/01\/15\/4109\/","og_locale":"pt_PT","og_type":"article","og_title":"- Plataforma Designer Premium","og_description":"Este \u00e9 um recurso exclusivo da Plataforma Designer Premium, oferecido em formato PSD. Este arquivo, nativo do Adobe Photoshop, \u00e9 ideal para edi\u00e7\u00e3o avan\u00e7ada de imagens. Ele permite personalizar textos, alterar cores e ajustar elementos gr\u00e1ficos conforme a necessidade do seu projeto. O arquico est\u00e1 dispon\u00edvel sob a licen\u00e7a Premium. Esta licen\u00e7a permite o uso [&hellip;]","og_url":"https:\/\/designerpremium.com.br\/plataforma\/2025\/01\/15\/4109\/","og_site_name":"Plataforma Designer Premium","article_published_time":"2025-01-15T00:31:55+00:00","article_modified_time":"2025-01-15T00:34:42+00:00","og_image":[{"width":494,"height":617,"url":"https:\/\/designerpremium.com.br\/plataforma\/wp-content\/uploads\/2025\/01\/WhatsApp-Image-2023-06-20-at-15_X9QSIm.jpeg","type":"image\/jpeg"}],"author":"Felipe Melchiades","twitter_card":"summary_large_image","twitter_misc":{"Escrito por":"Felipe Melchiades"},"schema":{"@context":"https:\/\/schema.org","@graph":[{"@type":"Article","@id":"https:\/\/designerpremium.com.br\/plataforma\/2025\/01\/15\/4109\/#article","isPartOf":{"@id":"https:\/\/designerpremium.com.br\/plataforma\/2025\/01\/15\/4109\/"},"author":{"name":"Felipe Melchiades","@id":"https:\/\/designerpremium.com.br\/plataforma\/#\/schema\/person\/5f25b0007f991237b01f0f092b1bc0ec"},"headline":"Sem t\u00edtulo","datePublished":"2025-01-15T00:31:55+00:00","dateModified":"2025-01-15T00:34:42+00:00","mainEntityOfPage":{"@id":"https:\/\/designerpremium.com.br\/plataforma\/2025\/01\/15\/4109\/"},"wordCount":73,"commentCount":0,"publisher":{"@id":"https:\/\/designerpremium.com.br\/plataforma\/#organization"},"image":{"@id":"https:\/\/designerpremium.com.br\/plataforma\/2025\/01\/15\/4109\/#primaryimage"},"thumbnailUrl":"https:\/\/designerpremium.com.br\/plataforma\/wp-content\/uploads\/2025\/01\/WhatsApp-Image-2023-06-20-at-15_X9QSIm.jpeg","keywords":["DOURADO","EVENTO","GOLD PARTY"],"articleSection":["PSD EVENTO"],"inLanguage":"pt-PT","potentialAction":[{"@type":"CommentAction","name":"Comment","target":["https:\/\/designerpremium.com.br\/plataforma\/2025\/01\/15\/4109\/#respond"]}]},{"@type":"WebPage","@id":"https:\/\/designerpremium.com.br\/plataforma\/2025\/01\/15\/4109\/","url":"https:\/\/designerpremium.com.br\/plataforma\/2025\/01\/15\/4109\/","name":"- Plataforma Designer Premium","isPartOf":{"@id":"https:\/\/designerpremium.com.br\/plataforma\/#website"},"primaryImageOfPage":{"@id":"https:\/\/designerpremium.com.br\/plataforma\/2025\/01\/15\/4109\/#primaryimage"},"image":{"@id":"https:\/\/designerpremium.com.br\/plataforma\/2025\/01\/15\/4109\/#primaryimage"},"thumbnailUrl":"https:\/\/designerpremium.com.br\/plataforma\/wp-content\/uploads\/2025\/01\/WhatsApp-Image-2023-06-20-at-15_X9QSIm.jpeg","datePublished":"2025-01-15T00:31:55+00:00","dateModified":"2025-01-15T00:34:42+00:00","breadcrumb":{"@id":"https:\/\/designerpremium.com.br\/plataforma\/2025\/01\/15\/4109\/#breadcrumb"},"inLanguage":"pt-PT","potentialAction":[{"@type":"ReadAction","target":["https:\/\/designerpremium.com.br\/plataforma\/2025\/01\/15\/4109\/"]}]},{"@type":"ImageObject","inLanguage":"pt-PT","@id":"https:\/\/designerpremium.com.br\/plataforma\/2025\/01\/15\/4109\/#primaryimage","url":"https:\/\/designerpremium.com.br\/plataforma\/wp-content\/uploads\/2025\/01\/WhatsApp-Image-2023-06-20-at-15_X9QSIm.jpeg","contentUrl":"https:\/\/designerpremium.com.br\/plataforma\/wp-content\/uploads\/2025\/01\/WhatsApp-Image-2023-06-20-at-15_X9QSIm.jpeg","width":494,"height":617},{"@type":"BreadcrumbList","@id":"https:\/\/designerpremium.com.br\/plataforma\/2025\/01\/15\/4109\/#breadcrumb","itemListElement":[{"@type":"ListItem","position":1,"name":"In\u00edcio","item":"https:\/\/designerpremium.com.br\/plataforma\/"},{"@type":"ListItem","position":2,"name":"PSD EVENTO","item":"https:\/\/designerpremium.com.br\/plataforma\/category\/psd-evento\/"}]},{"@type":"WebSite","@id":"https:\/\/designerpremium.com.br\/plataforma\/#website","url":"https:\/\/designerpremium.com.br\/plataforma\/","name":"Plataforma Designer Premium","description":"Melhor que um Pack. Uma plataforma Completa!","publisher":{"@id":"https:\/\/designerpremium.com.br\/plataforma\/#organization"},"alternateName":"Plataforma Designer premium","potentialAction":[{"@type":"SearchAction","target":{"@type":"EntryPoint","urlTemplate":"https:\/\/designerpremium.com.br\/plataforma\/?s={search_term_string}"},"query-input":{"@type":"PropertyValueSpecification","valueRequired":true,"valueName":"search_term_string"}}],"inLanguage":"pt-PT"},{"@type":"Organization","@id":"https:\/\/designerpremium.com.br\/plataforma\/#organization","name":"Plataforma Designer Premium","url":"https:\/\/designerpremium.com.br\/plataforma\/","logo":{"@type":"ImageObject","inLanguage":"pt-PT","@id":"https:\/\/designerpremium.com.br\/plataforma\/#\/schema\/logo\/image\/","url":"https:\/\/designerpremium.com.br\/plataforma\/wp-content\/uploads\/2025\/07\/Camada-2.jpg","contentUrl":"https:\/\/designerpremium.com.br\/plataforma\/wp-content\/uploads\/2025\/07\/Camada-2.jpg","width":1200,"height":675,"caption":"Plataforma Designer Premium"},"image":{"@id":"https:\/\/designerpremium.com.br\/plataforma\/#\/schema\/logo\/image\/"}},{"@type":"Person","@id":"https:\/\/designerpremium.com.br\/plataforma\/#\/schema\/person\/5f25b0007f991237b01f0f092b1bc0ec","name":"Felipe Melchiades","image":{"@type":"ImageObject","inLanguage":"pt-PT","@id":"https:\/\/secure.gravatar.com\/avatar\/d4a26df4d17161d1b56aacceb589f5c91a48f6d7d4d05eb5685326f93a8c15dd?s=96&d=mm&r=g","url":"https:\/\/secure.gravatar.com\/avatar\/d4a26df4d17161d1b56aacceb589f5c91a48f6d7d4d05eb5685326f93a8c15dd?s=96&d=mm&r=g","contentUrl":"https:\/\/secure.gravatar.com\/avatar\/d4a26df4d17161d1b56aacceb589f5c91a48f6d7d4d05eb5685326f93a8c15dd?s=96&d=mm&r=g","caption":"Felipe Melchiades"},"sameAs":["https:\/\/designerpremium.com.br\/plataforma"],"url":"https:\/\/designerpremium.com.br\/plataforma\/author\/felipe-melchiades\/"}]}},"_links":{"self":[{"href":"https:\/\/designerpremium.com.br\/plataforma\/wp-json\/wp\/v2\/posts\/4109","targetHints":{"allow":["GET"]}}],"collection":[{"href":"https:\/\/designerpremium.com.br\/plataforma\/wp-json\/wp\/v2\/posts"}],"about":[{"href":"https:\/\/designerpremium.com.br\/plataforma\/wp-json\/wp\/v2\/types\/post"}],"author":[{"embeddable":true,"href":"https:\/\/designerpremium.com.br\/plataforma\/wp-json\/wp\/v2\/users\/1"}],"replies":[{"embeddable":true,"href":"https:\/\/designerpremium.com.br\/plataforma\/wp-json\/wp\/v2\/comments?post=4109"}],"version-history":[{"count":0,"href":"https:\/\/designerpremium.com.br\/plataforma\/wp-json\/wp\/v2\/posts\/4109\/revisions"}],"wp:featuredmedia":[{"embeddable":true,"href":"https:\/\/designerpremium.com.br\/plataforma\/wp-json\/wp\/v2\/media\/4114"}],"wp:attachment":[{"href":"https:\/\/designerpremium.com.br\/plataforma\/wp-json\/wp\/v2\/media?parent=4109"}],"wp:term":[{"taxonomy":"category","embeddable":true,"href":"https:\/\/designerpremium.com.br\/plataforma\/wp-json\/wp\/v2\/categories?post=4109"},{"taxonomy":"post_tag","embeddable":true,"href":"https:\/\/designerpremium.com.br\/plataforma\/wp-json\/wp\/v2\/tags?post=4109"}],"curies":[{"name":"wp","href":"https:\/\/api.w.org\/{rel}","templated":true}]}}